{"id":574,"date":"2019-02-04T23:35:38","date_gmt":"2019-02-04T22:35:38","guid":{"rendered":"http:\/\/www.lesprojekt.cz\/?p=574"},"modified":"2019-02-04T23:35:38","modified_gmt":"2019-02-04T22:35:38","slug":"prezentace-z-workshopu-na-czu-24-1-2019-ke-stazeni","status":"publish","type":"post","link":"https:\/\/www.lesprojekt.cz\/?p=574","title":{"rendered":"Prezentace z WORKSHOPU na \u010cZU 24.1.2019 ke sta\u017een\u00ed"},"content":{"rendered":"<p style=\"text-align: center;\">Prezentace z workshopu \u201cWORKSHOP<strong>\u00a0\u201eVelk\u00e1 a otev\u0159en\u00e1 GI data a otev\u0159en\u00fd GI software pro pot\u0159eby chytr\u00fdch region\u016f a m\u011bst, chytr\u00e9 dopravy a chytr\u00e9ho zem\u011bd\u011blstv\u00ed\u201c<\/strong><\/p>\n<p style=\"text-align: center;\"><a href=\"http:\/\/www.wirelessinfo.cz\/wp-content\/uploads\/2019\/01\/Workshop-leden.jpg\"><img loading=\"lazy\" decoding=\"async\" class=\" size-large wp-image-1238 aligncenter\" src=\"http:\/\/www.wirelessinfo.cz\/wp-content\/uploads\/2019\/01\/Workshop-leden-1024x256.jpg\" alt=\"Workshop - leden\" width=\"642\" height=\"161\" \/><\/a><em>Autor fotografi\u00ed &#8211; PEF \u010cZU v Praze, Patrik H\u00e1cha<\/em><\/p>\n<p>Dne 24. ledna 2019 se uskute\u010dnil ji\u017e t\u0159et\u00ed tradi\u010dn\u00ed workshop na \u010cesk\u00e9 zem\u011bd\u011blsk\u00e9 univerzit\u011b v Praze. Hlavn\u00edm t\u00e9matem workshopu byla prezentace praktick\u00fdch v\u00fdsledk\u016f dosa\u017een\u00fdch s pomoc\u00ed v\u00fdzkumn\u00fdch projekt\u016f, sezn\u00e1men\u00ed s nov\u00fdmi trendy a prezentace dat a n\u00e1stroj\u016f, jejich\u017e v\u00fdvoj byl spolufinancov\u00e1n v\u00fdzkumn\u00fdmi projekty. Prezentace z worskshopu jsou nyn\u00ed ke sta\u017een\u00ed:<\/p>\n<ol>\n<li><strong>\u00davod<\/strong>\n<ul>\n<li><em><a href=\"http:\/\/www.wirelessinfo.cz\/wp-content\/uploads\/2019\/01\/1.1.Plan4all-\u2013-kdo-jsme-a-\u010deho-jsme-dos\u00e1hli-v-roce-2018.ppt\">1.1. Plan4all<\/a>\u00a0[PPT, 4.2MB]<\/em><\/li>\n<\/ul>\n<\/li>\n<\/ol>\n<p><strong>\u00a0<\/strong><\/p>\n<ol start=\"2\">\n<li><strong>Zem\u011bd\u011blsko \u2013 lesnick\u00e1 sekce<\/strong>\n<ul>\n<li><em><a href=\"http:\/\/www.wirelessinfo.cz\/wp-content\/uploads\/2019\/01\/2.1.19-01-24_Lukas_workshop_CZU_exp.pdf\">2.1. Pou\u017eit\u00ed satelitn\u00edch a Open Linked Dat pro chytr\u00e9 zem\u011bd\u011blstv\u00ed \u2013 Vojt\u011bch Lukas (Mendelova univerzita v Brn\u011b, Lesprojekt), Ji\u0159\u00ed Kvapil (WirelessInfo), Karel Charv\u00e1t, Karel Charv\u00e1t Junior (Lesprojekt)<\/a>\u00a0[PDF, 0.9MB]<\/em><\/li>\n<li><em><a href=\"http:\/\/www.wirelessinfo.cz\/wp-content\/uploads\/2019\/01\/2.2.UHUL_prezentace_PLanet_01_2019.pptx\">2.2. Detekce k\u016frovcov\u00e9ho po\u0161kozen\u00ed smrkov\u00fdch porost\u016f prost\u0159ednictv\u00edm DPZ \u2013 Jan Vrobel (\u00daH\u00daL)<\/a>\u00a0[PPT, 62MB]<\/em><\/li>\n<li><em><a href=\"http:\/\/www.wirelessinfo.cz\/wp-content\/uploads\/2019\/01\/2.3.Kepka-Workshop2019-Nova_IoT_reseni.pdf\">2.3. Nove IoT \u0159e\u0161en\u00ed a jejich integrace v cloudu \u2013 Michal Kepka, Martin \u010cech, Ond\u0159ej Kaas (Z\u010cU), Zbyn\u011bk K\u0159iv\u00e1nek, Marek Musil (Lesprojekt)<\/a>\u00a0[PDF, 0.9MB]<\/em><\/li>\n<li><em><a href=\"http:\/\/www.wirelessinfo.cz\/wp-content\/uploads\/2019\/01\/2.4.Jedlicka_modelovaniTeplot.pdf\">2.4. Podrobn\u00e9 modelov\u00e1n\u00ed teplot v z\u00e1vislosti na nadmo\u0159sk\u00e9 v\u00fd\u0161ce a vzd\u00e1lenosti od vodn\u00edho rezervo\u00e1ru \u2013 Karel Jedli\u010dka (Z\u010cU, WirelessInfo)\u00a0<\/a>[PDF, 3.5MB]<\/em><\/li>\n<li><em><a href=\"http:\/\/www.wirelessinfo.cz\/wp-content\/uploads\/2019\/01\/2.5.ENABLING-PREZENTACE-CZU-PRAHA.pptx\">2.5. Aplikace pro sd\u00edlen\u00ed informac\u00ed o dobr\u00fdch prax\u00edch zpracov\u00e1n\u00ed bioodpadu, projekt Enabling \u2013 Petr Hor\u00e1k, \u0160\u00e1rka Hor\u00e1kov\u00e1, \u0160imon Leitgeb (WirelessInfo)<\/a>\u00a0[PPT, 4.6MB]<\/em><\/li>\n<\/ul>\n<\/li>\n<\/ol>\n<ol start=\"3\">\n<li><strong>Budov\u00e1n\u00ed kapacit<\/strong>\n<ul>\n<li><em><a href=\"http:\/\/www.wirelessinfo.cz\/wp-content\/uploads\/2019\/01\/3.1.Argentina-cooperation.pdf\">3.1. Spolupr\u00e1ce s Argentinou \u2013 Zuzana Boukalov\u00e1 (Vodn\u00ed zdroje), Zbyn\u011bk K\u0159iv\u00e1nek (Lesprojekt), Karel Charv\u00e1t (CCSS),\u00a0<\/a>[PDF, 4.2MB]<\/em><\/li>\n<li><em><a href=\"http:\/\/www.wirelessinfo.cz\/wp-content\/uploads\/2019\/01\/3.2.SKIN-PREZENTACE-CZU-PRAHA.pptx\">3.2. Poznatky v oblasti zkracov\u00e1n\u00ed odbytov\u00e9ho \u0159et\u011bzce v zem\u011bd\u011blstv\u00ed \u2013 p\u0159\u00edklady dobr\u00e9 praxe projektu SKIN \u2013 \u0160\u00e1rka Hor\u00e1kov\u00e1 (WirelessInfo)\u00a0<\/a>[PPT, 8.4MB]<\/em><\/li>\n<li><em><a href=\"http:\/\/www.wirelessinfo.cz\/wp-content\/uploads\/2019\/01\/3.3.PPT-LIVERUR-MODEL-ws-Praha.pptx\">3.3. Podpora rozvoje region\u00e1ln\u00edho cestovn\u00edho ruchu posilov\u00e1n\u00edm produkce a odbytu lok\u00e1ln\u00edch kvalitn\u00edch potravin, v\u00fdrobk\u016f a slu\u017eeb v regionu Po\u0161umav\u00ed s vyu\u017eit\u00edm metodiky Living Lab v r\u00e1mci projektu LIVERUR \u2013 Radana \u0160a\u0161kov\u00e1, Ivo \u0160a\u0161ek, Pavel Vondr\u00e1\u010dek, Ji\u0159\u00ed Hamhalter (\u00dahlava, o.p.s.), Petr Hor\u00e1k, Karel Charv\u00e1t, Krist\u00fdna \u010cerbov\u00e1, \u0160\u00e1rka Hor\u00e1kov\u00e1 (WirelessInfo)<\/a>\u00a0[PPT, 12.6MB]<\/em><\/li>\n<li><em><a href=\"http:\/\/www.wirelessinfo.cz\/wp-content\/uploads\/2019\/01\/3.4.Kvapil-SmartAgriHub.pptx\">3.4. \u010cesk\u00fd Inova\u010dn\u00ed Hub pro chytr\u00e9 zem\u011bd\u011blstv\u00ed \u2013 Ji\u0159\u00ed Kvapil, Karel Charv\u00e1t (WirelessInfo)<\/a>\u00a0[PPT, 0.6MB]<\/em><\/li>\n<li><em><a href=\"http:\/\/www.wirelessinfo.cz\/wp-content\/uploads\/2019\/01\/3.5.Atlas-\u017eivotn\u00edho-prost\u0159ed\u00ed-Libereck\u00e9ho-kraje-v-roce-II..pptx\">3.5. Atlas \u017eivotn\u00edho prost\u0159ed\u00ed Libereck\u00e9ho kraje v roce II. \u2013 Irena Ko\u0161kov\u00e1 (Libereck\u00fd kraj), Dmitrij Ko\u017euch (Plan4all), Marek \u0160pl\u00edchal, Ji\u0159\u00ed Kvapil, Karel Charv\u00e1t<\/a>\u00a0[PPT, 34.4MB]<\/em><\/li>\n<\/ul>\n<\/li>\n<\/ol>\n<p><strong>\u00a0<\/strong><\/p>\n<ol start=\"4\">\n<li><strong>Chytr\u00e1 doprava a chytr\u00e1 m\u011bsta<\/strong>\n<ul>\n<li><em><a href=\"http:\/\/www.wirelessinfo.cz\/wp-content\/uploads\/2019\/01\/4.1.2019-01-InnoConnect_Analyticke\u0301-mapy-dopravy-a-kriminality-Plzen.pdf\">4.1. Vizu\u00e1ln\u00ed anal\u00fdza velk\u00fdch dat na p\u0159\u00edkladu kriminality a dopravy &#8211; uk\u00e1zky aplikac\u00ed &#8218;Intenzita dopravy v Plzni&#8216; a &#8218;Ud\u00e1losti M\u011bstsk\u00e1 policie Plze\u0148&#8216; (technologie WebGlayer) \u2013 Ji\u0159\u00ed Bouchal (InnoConnect)<\/a>\u00a0[PDF, 4.6MB]<\/em><\/li>\n<li><em><a href=\"http:\/\/www.wirelessinfo.cz\/wp-content\/uploads\/2019\/01\/4.2.Jedlicka_TrafficModelling.pdf\">4.2. Dopravn\u00ed modelov\u00e1n\u00ed v prost\u0159ed\u00ed webov\u00e9ho prohl\u00ed\u017ee\u010de (p\u0159edstaven\u00ed technologie Spark Traffic Modeler) \u2013 Karel Jedli\u010dka (Z\u010cU)\u00a0<\/a>[PDF, 1.6MB]<\/em><\/li>\n<li><em><a href=\"http:\/\/www.wirelessinfo.cz\/wp-content\/uploads\/2019\/01\/4.3.Jedlicka_hlukVe3D.pdf\">4.3. 3D vizualizace hluku z dopravy (uk\u00e1zka vizualizace trojrozm\u011brn\u00e9ho a \u010dasov\u011b prom\u011bnn\u00e9ho fenom\u00e9nu) \u2013 Karel Jedli\u010dka, Daniel Beran (Z\u010cU)<\/a>\u00a0[PDF, 2.3MB]<\/em><\/li>\n<\/ul>\n<\/li>\n<\/ol>\n<p>Odkaz do\u00a0<a href=\"https:\/\/drive.google.com\/drive\/folders\/1XdSBMUDZe91owpcJszn6xGm1CdeUml5b?usp=sharing\">fotogalerie<\/a>\u00a0(autor fotografi\u00ed &#8211; PEF \u010cZU v Praze, Patrik H\u00e1cha):<\/p>\n","protected":false},"excerpt":{"rendered":"<p>Prezentace z workshopu \u201cWORKSHOP\u00a0\u201eVelk\u00e1 a otev\u0159en\u00e1 GI data a otev\u0159en\u00fd GI software pro pot\u0159eby chytr\u00fdch region\u016f a m\u011bst, chytr\u00e9 dopravy a chytr\u00e9ho zem\u011bd\u011blstv\u00ed\u201c Autor fotografi\u00ed &#8211; PEF \u010cZU v Praze, Patrik H\u00e1cha Dne 24. ledna 2019 se uskute\u010dnil ji\u017e t\u0159et\u00ed tradi\u010dn\u00ed workshop na \u010cesk\u00e9 zem\u011bd\u011blsk\u00e9 univerzit\u011b v Praze. Hlavn\u00edm t\u00e9matem workshopu byla prezentace praktick\u00fdch v\u00fdsledk\u016f [&hellip;]<\/p>\n","protected":false},"author":1,"featured_media":0,"comment_status":"closed","ping_status":"closed","sticky":false,"template":"","format":"standard","meta":{"footnotes":""},"categories":[1],"tags":[],"class_list":["post-574","post","type-post","status-publish","format-standard","hentry","category-nezarazene"],"_links":{"self":[{"href":"https:\/\/www.lesprojekt.cz\/index.php?rest_route=\/wp\/v2\/posts\/574","targetHints":{"allow":["GET"]}}],"collection":[{"href":"https:\/\/www.lesprojekt.cz\/index.php?rest_route=\/wp\/v2\/posts"}],"about":[{"href":"https:\/\/www.lesprojekt.cz\/index.php?rest_route=\/wp\/v2\/types\/post"}],"author":[{"embeddable":true,"href":"https:\/\/www.lesprojekt.cz\/index.php?rest_route=\/wp\/v2\/users\/1"}],"replies":[{"embeddable":true,"href":"https:\/\/www.lesprojekt.cz\/index.php?rest_route=%2Fwp%2Fv2%2Fcomments&post=574"}],"version-history":[{"count":1,"href":"https:\/\/www.lesprojekt.cz\/index.php?rest_route=\/wp\/v2\/posts\/574\/revisions"}],"predecessor-version":[{"id":575,"href":"https:\/\/www.lesprojekt.cz\/index.php?rest_route=\/wp\/v2\/posts\/574\/revisions\/575"}],"wp:attachment":[{"href":"https:\/\/www.lesprojekt.cz\/index.php?rest_route=%2Fwp%2Fv2%2Fmedia&parent=574"}],"wp:term":[{"taxonomy":"category","embeddable":true,"href":"https:\/\/www.lesprojekt.cz\/index.php?rest_route=%2Fwp%2Fv2%2Fcategories&post=574"},{"taxonomy":"post_tag","embeddable":true,"href":"https:\/\/www.lesprojekt.cz\/index.php?rest_route=%2Fwp%2Fv2%2Ftags&post=574"}],"curies":[{"name":"wp","href":"https:\/\/api.w.org\/{rel}","templated":true}]}}